{"id":7152,"date":"2024-11-14T16:31:27","date_gmt":"2024-11-14T15:31:27","guid":{"rendered":"https:\/\/fundacjaneuca.pl\/?p=7152"},"modified":"2025-02-19T16:31:49","modified_gmt":"2025-02-19T15:31:49","slug":"listopad_miesiacem_swiadomosci_zagrozenia_cukrzyca","status":"publish","type":"post","link":"https:\/\/fundacjaneuca.pl\/en\/listopad_miesiacem_swiadomosci_zagrozenia_cukrzyca\/","title":{"rendered":"\u015awiadomi zagro\u017cenia cukrzyc\u0105"},"content":{"rendered":"<div class=\"wpb-content-wrapper\"><p>[vc_row][vc_column][vc_column_text]W 2024 roku z naszym Narodowym Badanie Poziomu Cukru dotarli\u015bmy z badaniami glikemii do ponad 22,5 tys. doros\u0142ych, student\u00f3w, rodzic\u00f3w i dzieci (u tych sprawdzali\u015bmy ryzyko zachorowania na cukrzyc\u0119 typu 1 w przysz\u0142o\u015bci nowatorsk\u0105 metod\u0105 prof. Bossowskiego), a z edukacj\u0105 &#8211; do 3 mln Polak\u00f3w.[\/vc_column_text][vc_column_text css=&#8221;.vc_custom_1733394803780{border-left-width: 4px !important;padding-top: 2% !important;padding-right: 4% !important;padding-bottom: 3% !important;padding-left: 4% !important;background-color: #f3f6fa !important;border-left-color: #00a6d6 !important;border-left-style: solid !important;}&#8221;]Kampania edukacyjna do szk\u00f3\u0142[\/vc_column_text][vc_column_text]Nasze tegoroczne dzia\u0142ania zamkn\u0119li\u015bmy wielk\u0105 kampani\u0105 edukacyjn\u0105 kierowan\u0105 do szk\u00f3\u0142 podstawowych (dzieci, rodzic\u00f3w i kadry pedagogicznej). Sk\u0142ada\u0142a si\u0119 z kilku etap\u00f3w.[\/vc_column_text][vc_column_text]<strong>1. Edukacja<\/strong>[\/vc_column_text][vc_column_text]W cz\u0119\u015bci edukacyjnej zach\u0119cili\u015bmy do przeznaczenia cz\u0119\u015bci zaj\u0119\u0107 lekcyjnych na edukacj\u0119 dzieci w temacie cukrzycy. Toru\u0144skie szko\u0142y podstawowe otrzyma\u0142y od nas bezp\u0142atne materia\u0142y, w tym klip video przygotowany przez dietetyczk\u0119 Ew\u0119 Dygaszewicz. Opowiada ona w spos\u00f3b przyst\u0119pny dla najm\u0142odszych uczni\u00f3w o zdrowym od\u017cywianiu, czym jest choroba, jakie s\u0105 jej typy i objawy, jak udzieli\u0107 pomocy chorej kole\u017cance lub koledze, jak radzi\u0107 sobie z chorob\u0105 \u2013 cukrzyc\u0105 typu 1 i 2.[\/vc_column_text][vc_column_text]<strong>2. Praktyka: \u201eKolorowe kroki dla zdrowia&#8221; \u2013 konkurs plastyczny dla m\u0142odych tw\u00f3rc\u00f3w zdrowego stylu \u017cycia.<\/strong>[\/vc_column_text][vc_column_text]Po lekcji w ramach konkursu zach\u0119cili\u015bmy do zespo\u0142owego wykonania pracy plastycznej dowoln\u0105 technik\u0105 artystycznego przekazu w formacie A1.<\/p>\n<p>&#8211; <em>Wyr\u00f3\u017cnili\u015bmy 13 pi\u0119knych kolorowych prac najm\u0142odszych uczni\u00f3w szk\u00f3\u0142 podstawowych. Zachwyci\u0142y nie tylko feeri\u0105 barw, ale te\u017c warstw\u0105 merytoryczn\u0105<\/em> \u2013 komentuje koordynatorka konkursu, Ma\u0142gorzata Lubiewska. \u2013 <em>Nauka poprzez zabaw\u0119 z wykorzystaniem obrazowej formy nauczania jest najskuteczniejsz\u0105 metod\u0105 przyswajania wiedzy u dzieci m\u0142odszych.<\/em> Z kolei warstwa werbalna i s\u0142uchowa zosta\u0142a zaopiekowana przez wcze\u015bniejsze lekcje z prezentacj\u0105 filmu dopasowanego do wieku odbiorc\u00f3w.[\/vc_column_text][vc_column_text]<strong>3. Pilota\u017cowe badanie populacyjne w kierunku zagro\u017cenia cukrzyc\u0105 typu 1 u dzieci najm\u0142odszych<\/strong>[\/vc_column_text][vc_column_text]Fina\u0142em kampanii by\u0142 zorganizowany toru\u0144ski pilota\u017c nowatorskich bada\u0144 wczesnego diagnozowania cukrzycy typu 1. w fazie bezobjawowej metod\u0105 profesora Artura Bossowskiego przy wsp\u00f3\u0142udziale Urz\u0119du Miasta Torunia.<\/p>\n<p>&#8211; <em>W ostatnich 20 latach obserwujemy ok. 300-procentowy wzrost liczby zachorowa\u0144, dzi\u015b to 25-30 os\u00f3b na 100 tysi\u0119cy. Jest to szczeg\u00f3lnie widoczne w grupie dzieci najm\u0142odszych, gdzie cz\u0119sto gwa\u0142townie przebiegaj\u0105cy pocz\u0105tek choroby mo\u017ce skutkowa\u0107 zagro\u017ceniem \u017cycia pacjenta<\/em> \u2013 m\u00f3wi prof. zw. dr hab. n. med. Artur Bossowski, endokrynolog, diabetolog i diabetolog dzieci\u0119cy, pediatra, Kierownik Kliniki Pediatrii, Endokrynologii i Diabetologii Uniwersyteckiego Dzieci\u0119cego Szpitala Klinicznego w Bia\u0142ymstoku, konsultant wojew\u00f3dzki na Podlasiu z endokrynologii i diabetologii dzieci\u0119cej i autor projektu.<\/p>\n<p>Badanie polega\u0142o na pobraniu krwi \u017cylnej &#8211; 4,9 ml krwi u dzieci powy\u017cej 5. roku \u017cycia lub 2,7 ml poni\u017cej 5. roku \u017cycia, po uzyskaniu pisemnej zgody rodzica czy opiekuna, zgodnie z wymogami Komisji Bioetycznej Uniwersytetu Medycznego w Bia\u0142ymstoku i Kujawsko-Pomorskiej Okr\u0119gowej Izby Lekarskiej. Nast\u0119pnie zamro\u017cone pr\u00f3bki (po ich zakodowaniu zgodnie z zasadami ochrony danych osobowych) s\u0105 poddawane ilo\u015bciowej ocenie wyst\u0119powania przeciwcia\u0142 przeciw wyspom beta trzustkowym. Je\u015bli test b\u0119dzie pozytywny, kolejno sprawdzone pozostan\u0105 poszczeg\u00f3lne typy przeciwcia\u0142 charakterystycznych dla cukrzycy typu 1.<\/p>\n<p>&#8211; <em>Je\u015bli jedno w wysokim mianie lub dwa oraz wi\u0119cej przeciwcia\u0142 oka\u017ce si\u0119 dodatnich, to w przeci\u0105gu 10-15 lat u takiego dziecka mo\u017ce si\u0119 z du\u017cym prawdopodobie\u0144stwem rozwin\u0105\u0107 cukrzyca<\/em> \u2013 podkre\u015bla wyj\u0105tkowo\u015b\u0107 badania Daria Czerw, koordynatorka Narodowego Badania Poziomu Cukru.<\/p>\n<p>Wczesna diagnoza ewentualnego ryzyka zachorowania na t\u0119 autoagresywn\u0105 nieuleczaln\u0105 posta\u0107 cukrzycy to szansa dla rodzic\u00f3w na unikni\u0119cie cz\u0119sto zagra\u017caj\u0105cych \u017cyciu dziecka powik\u0142a\u0144 jak \u015bpi\u0105czka ketonowa oraz przygotowanie ca\u0142ej rodziny na \u017cycie z chorob\u0105, kt\u00f3ra wymaga ogromnej wiedzy i dyscypliny.<\/p>\n<p>&#8211; <em>Dodatnie wyniki badania pozwalaj\u0105 na odpowiedni\u0105 edukacj\u0119 rodzin z zakresu rozpoznawania wczesnych objaw\u00f3w zaburze\u0144 metabolizmu w\u0119glowodan\u00f3w, wczesnym wdro\u017ceniu zasad zdrowego \u017cywienia, konieczno\u015bci utrzymania stabilnej masy cia\u0142a, regularnej aktywno\u015bci fizycznej<\/em> \u2013 podkre\u015bla Bogus\u0142awa Golus-Jankowska, prezes Fundacji NEUCA dla Zdrowia.<\/p>\n<p>W toru\u0144skim pilota\u017cu zgodnie z wcze\u015bniejszymi zapisami wzi\u0119\u0142o udzia\u0142 niespe\u0142na 100 ma\u0142ych bohater\u00f3w. Organizator przygotowa\u0142 r\u00f3wnie\u017c specjalne aktywno\u015bci dla najm\u0142odszych, takie jak malowanie buziek czy drobne upominki dla dzielnych pacjent\u00f3w.<\/p>\n<p><img loading=\"lazy\" decoding=\"async\" class=\"aligncenter wp-image-7153 size-full\" src=\"https:\/\/fundacjaneuca.pl\/wp-content\/uploads\/2024\/11\/narodowe-badanie-cukrzyca-typ-1.jpg\" alt=\"\" width=\"1050\" height=\"796\" srcset=\"https:\/\/fundacjaneuca.pl\/wp-content\/uploads\/2024\/11\/narodowe-badanie-cukrzyca-typ-1.jpg 1050w, https:\/\/fundacjaneuca.pl\/wp-content\/uploads\/2024\/11\/narodowe-badanie-cukrzyca-typ-1-300x227.jpg 300w, https:\/\/fundacjaneuca.pl\/wp-content\/uploads\/2024\/11\/narodowe-badanie-cukrzyca-typ-1-1024x776.jpg 1024w, https:\/\/fundacjaneuca.pl\/wp-content\/uploads\/2024\/11\/narodowe-badanie-cukrzyca-typ-1-768x582.jpg 768w\" sizes=\"auto, (max-width: 1050px) 100vw, 1050px\" \/>[\/vc_column_text][vc_column_text css=&#8221;.vc_custom_1733395799703{border-left-width: 4px !important;padding-top: 2% !important;padding-right: 4% !important;padding-bottom: 3% !important;padding-left: 4% !important;background-color: #f3f6fa !important;border-left-color: #00a6d6 !important;border-left-style: solid !important;}&#8221;]B\u0105d\u017a czujny na objawy[\/vc_column_text][vc_column_text]Ca\u0142y projekt zwie\u0144czy\u0142a konferencja \u201eZdrowy Toru\u0144\u201d, zorganizowana 28 listopada 2024 r. przez Paw\u0142a Gulewskiego, Prezydenta Miasta Torunia. Jej go\u015bciem by\u0142 profesor Artur Bossowski, kt\u00f3ry wyg\u0142osi\u0142 prelekcj\u0119 o metodzie, wynikach bada\u0144 na Podlasiu i ich przysz\u0142o\u015bci. Podkre\u015bli\u0142 r\u00f3wnie\u017c wyniki dwuletniego projektu bada\u0144 dzieci na Podlasiu, kt\u00f3ry przeprowadzi\u0142 wraz z Fundacj\u0105 NEUCA dla Zdrowia. Razem przebadali prawie 3300 dzieci, u 4% zdiagnozowano ryzyko zachorowania na cukrzyc\u0119 typu 1.<\/p>\n<p>W czasie spotkania uczestnikom zosta\u0142 zaprezentowany zwiastun filmu, kt\u00f3rym Fundacja NEUCA dla Zdrowia chce zwr\u00f3ci\u0107 uwag\u0119 rodzic\u00f3w, nauczycieli i opiekun\u00f3w na pierwsze symptomy mog\u0105ce sygnalizowa\u0107 rozw\u00f3j cukrzycy typu 1 u pociechy.<\/p>\n<p>&#8211; <em>Nieprzyjemny oddech, wzmo\u017cona potrzeba picia, oddawania moczu, cz\u0119ste zm\u0119czenie u malucha b\u0105d\u017a nastolatka, kt\u00f3rych wcze\u015bniej dziecko nie wykazywa\u0142o, to pierwsze objawy, kt\u00f3re powinny zaniepokoi\u0107 opiekuna. O tym rzadko si\u0119 m\u00f3wi, tego typu fakty s\u0105 cz\u0119sto bagatelizowane nawet w\u015br\u00f3d lekarzy, st\u0105d nasza decyzja o zaanga\u017cowaniu si\u0119 w ten bardzo wa\u017cny temat<\/em> \u2013 wyja\u015bnia Bogus\u0142awa Golus \u2013 Jankowska. \u2013 <em>Zreszt\u0105 moje s\u0142owa s\u0105 tu chyba zb\u0119dne, zach\u0119cam do obejrzenia kilku historii, kt\u00f3re moim zdaniem mog\u0105 odmieni\u0107 \u017cycie ka\u017cdego z nas.<\/em><\/p>\n<p>Konferencja by\u0142a te\u017c okazj\u0105 do podsumowania wynik\u00f3w zdrowotnego konkursu plastycznego, wr\u0119czenia nagr\u00f3d oraz podziwiania wystawy pi\u0119knych i m\u0105drych prac.<\/p>\n<p style=\"text-align: left;\"><img loading=\"lazy\" decoding=\"async\" class=\"aligncenter size-large wp-image-7297\" src=\"https:\/\/fundacjaneuca.pl\/wp-content\/uploads\/2024\/11\/20241128_094640-768x1024.jpg\" alt=\"\" width=\"600\" height=\"800\" srcset=\"https:\/\/fundacjaneuca.pl\/wp-content\/uploads\/2024\/11\/20241128_094640-768x1024.jpg 768w, https:\/\/fundacjaneuca.pl\/wp-content\/uploads\/2024\/11\/20241128_094640-225x300.jpg 225w, https:\/\/fundacjaneuca.pl\/wp-content\/uploads\/2024\/11\/20241128_094640-1152x1536.jpg 1152w, https:\/\/fundacjaneuca.pl\/wp-content\/uploads\/2024\/11\/20241128_094640-1536x2048.jpg 1536w, https:\/\/fundacjaneuca.pl\/wp-content\/uploads\/2024\/11\/20241128_094640-scaled.jpg 1920w\" sizes=\"auto, (max-width: 600px) 100vw, 600px\" \/><img loading=\"lazy\" decoding=\"async\" class=\"aligncenter size-large wp-image-7298\" src=\"https:\/\/fundacjaneuca.pl\/wp-content\/uploads\/2024\/11\/20241128_094651-768x1024.jpg\" alt=\"\" width=\"600\" height=\"800\" srcset=\"https:\/\/fundacjaneuca.pl\/wp-content\/uploads\/2024\/11\/20241128_094651-768x1024.jpg 768w, https:\/\/fundacjaneuca.pl\/wp-content\/uploads\/2024\/11\/20241128_094651-225x300.jpg 225w, https:\/\/fundacjaneuca.pl\/wp-content\/uploads\/2024\/11\/20241128_094651-1152x1536.jpg 1152w, https:\/\/fundacjaneuca.pl\/wp-content\/uploads\/2024\/11\/20241128_094651-1536x2048.jpg 1536w, https:\/\/fundacjaneuca.pl\/wp-content\/uploads\/2024\/11\/20241128_094651-scaled.jpg 1920w\" sizes=\"auto, (max-width: 600px) 100vw, 600px\" \/><img loading=\"lazy\" decoding=\"async\" class=\"aligncenter size-large wp-image-7299\" src=\"https:\/\/fundacjaneuca.pl\/wp-content\/uploads\/2024\/11\/20241128_115648-768x1024.jpg\" alt=\"\" width=\"600\" height=\"800\" srcset=\"https:\/\/fundacjaneuca.pl\/wp-content\/uploads\/2024\/11\/20241128_115648-768x1024.jpg 768w, https:\/\/fundacjaneuca.pl\/wp-content\/uploads\/2024\/11\/20241128_115648-225x300.jpg 225w, https:\/\/fundacjaneuca.pl\/wp-content\/uploads\/2024\/11\/20241128_115648-1152x1536.jpg 1152w, https:\/\/fundacjaneuca.pl\/wp-content\/uploads\/2024\/11\/20241128_115648-1536x2048.jpg 1536w, https:\/\/fundacjaneuca.pl\/wp-content\/uploads\/2024\/11\/20241128_115648-scaled.jpg 1920w\" sizes=\"auto, (max-width: 600px) 100vw, 600px\" \/><\/p>\n<div style=\"width: 600px;\" class=\"wp-video\"><video class=\"wp-video-shortcode\" id=\"video-7152-1\" width=\"600\" height=\"338\" preload=\"metadata\" controls=\"controls\"><source type=\"video\/mp4\" src=\"https:\/\/fundacjaneuca.pl\/wp-content\/uploads\/2024\/11\/20241128_094709.mp4?_=1\" \/><a href=\"https:\/\/fundacjaneuca.pl\/wp-content\/uploads\/2024\/11\/20241128_094709.mp4\">https:\/\/fundacjaneuca.pl\/wp-content\/uploads\/2024\/11\/20241128_094709.mp4<\/a><\/video><\/div>\n<p style=\"text-align: left;\">Wa\u017cno\u015b\u0107 tematu dla torunian podkre\u015blili Prezydent Pawe\u0142 Gulewski i Wiceprezydent Dagmara Zieli\u0144ska, deklaruj\u0105c inwestycj\u0119 \u015brodk\u00f3w miejskich w kontynuacj\u0119 bada\u0144 w 2025 roku.<\/p>\n<p>[\/vc_column_text][vc_column_text css=&#8221;.vc_custom_1733395933636{border-left-width: 4px !important;padding-top: 2% !important;padding-right: 4% !important;padding-bottom: 3% !important;padding-left: 4% !important;background-color: #f3f6fa !important;border-left-color: #00a6d6 !important;border-left-style: solid !important;}&#8221;]Cukrzyca typu 2 i jej powik\u0142ania[\/vc_column_text][vc_column_text]W ramach Narodowego Badania Poziomu Cukru Fundacja przebada\u0142a glikemi\u0119 u 19 tys. doros\u0142ych (w tym u senior\u00f3w i student\u00f3w) na ponad 250 wydarzeniach zdrowotnych w ca\u0142ej Polsce w ramach akcji \u201eCukrzyca \u2013 sprawdzam\u201d oraz przeprowadzi\u0142a w trzech miastach pilota\u017c bada\u0144 w kierunku powik\u0142a\u0144 cukrzycy pod has\u0142em \u201e\u015awiadome wybory wychodz\u0105 na zdrowie\u201d.<\/p>\n<p>Na cukrzyc\u0119 choruje co czwarty Polak, wielu o tym nie wie, bo choroba rozwija si\u0119 niezauwa\u017calnie. Diabetycy z kolei cz\u0119sto traktuj\u0105 chorob\u0119 po macoszemu i jej nie monitoruj\u0105, co mo\u017ce doprowadzi\u0107 do zagra\u017caj\u0105cych \u017cyciu skutk\u00f3w. Edukacja w cukrzycy jest wi\u0119c istotn\u0105 cz\u0119\u015bci\u0105 profilaktyki powik\u0142a\u0144 oraz wa\u017cnym elementem leczenia cukrzycy.<\/p>\n<p>Do najcz\u0119stszych przewlek\u0142ych powik\u0142aniach w cukrzycy zaliczamy m.in. retinopati\u0119 cukrzycow\u0105, neuropati\u0119, nefropati\u0119, nadci\u015bnienie t\u0119tnicze, oty\u0142o\u015b\u0107, hiperglikemi\u0119, hipercholesterolemi\u0119, zesp\u00f3\u0142 stopy cukrzycowej, choroby zespo\u0142u sercowo \u2013 naczyniowego.<\/p>\n<p>D\u0142ugotrwa\u0142e utrzymywanie si\u0119 wysokiego st\u0119\u017cenia cukru we krwi niekorzystnie wp\u0142ywa na naczynia w naszym ciele, zar\u00f3wno te drobne, jak i du\u017ce, obwodowe, uszkadzaj\u0105c je.<\/p>\n<p>Fundacja NEUCA dla Zdrowia jako nieliczna w Polsce dysponuje nowatorskim urz\u0105dzeniem medycznym funduskamera. Sprz\u0119t bada dno oka w bardzo wysokiej rozdzielczo\u015bci i diagnozuje choroby, kt\u00f3rymi jest zagro\u017conych 10 mln Polak\u00f3w. Ka\u017cdy zbadany otrzymuje od r\u0119ki automatyczn\u0105 analiz\u0119 wynik\u00f3w przez AI wraz z informacj\u0105 o stopniu zaawansowania retinopatii, AMD oraz jaskry. Dok\u0142adaj\u0105c do tego badanie stopy monofilamentem (t\u0119p\u0105 ig\u0142\u0105) oraz palpacyjne (badanie poprzez dotyk) oferuje cukrzykom niepowtarzaln\u0105 okazj\u0119 do bezp\u0142atnej profilaktyki retinopatii i neuropatii cukrzycowej, czyli finalnie daje szans\u0119 do zadbania o dobry wzrok i unikni\u0119cia rozwoju tzw. zespo\u0142u. stopy cukrzycowej, kt\u00f3ry cz\u0119sto prowadzi do amputacji jej cz\u0119\u015bci.<\/p>\n<p>W Toruniu, Gdyni i Katowicach z tej okazji skorzysta\u0142y setki pacjent\u00f3w. Fundacja wykona\u0142a 850 bada\u0144, w tym r\u00f3wnie\u017c standardowe, czyli poziomu cukru i kwasu moczowego we krwi zgodnie z has\u0142em \u201eCukrzyca \u2013 sprawdzam\u201d. Ca\u0142a kampania informacyjna o akcji profilaktycznej powik\u0142a\u0144 cukrzycy dotar\u0142a (poza standardowymi dzia\u0142aniami komunikacyjnymi) dodatkowo do 150 tys. pacjent\u00f3w, a Narodowe Badanie Poziomu Cukru zamyka rok z dotarciem do 4 mln nie\u015bwiadomych zagro\u017cenia cukrzyc\u0105 Polak\u00f3w.[\/vc_column_text][vc_column_text css=&#8221;.vc_custom_1733396037438{border-left-width: 4px !important;padding-top: 2% !important;padding-right: 4% !important;padding-bottom: 3% !important;padding-left: 4% !important;background-color: #f3f6fa !important;border-left-color: #00a6d6 !important;border-left-style: solid !important;}&#8221;]2025 \u2013 nieustaj\u0105ca edukacja[\/vc_column_text][vc_column_text]W kolejnym roku Fundacja nieustannie b\u0119dzie edukowa\u0107 Polak\u00f3w, promowa\u0107 przygotowane materia\u0142y wideo, kt\u00f3re jej zdaniem najlepiej obrazuj\u0105 powag\u0119 choroby jak\u0105 jest cukrzyca ka\u017cdego typu.[\/vc_column_text][\/vc_column][\/vc_row]<\/p>\n<\/div>","protected":false},"excerpt":{"rendered":"<p>[vc_row][vc_column][vc_column_text]W 2024 roku z naszym Narodowym Badanie Poziomu Cukru dotarli\u015bmy z badaniami glikemii do ponad 22,5 tys. doros\u0142ych, student\u00f3w, rodzic\u00f3w i dzieci (u tych sprawdzali\u015bmy [&hellip;]<\/p>\n","protected":false},"author":5,"featured_media":7153,"comment_status":"closed","ping_status":"closed","sticky":false,"template":"","format":"standard","meta":{"_acf_changed":false,"_monsterinsights_skip_tracking":false,"_monsterinsights_sitenote_active":false,"_monsterinsights_sitenote_note":"","_monsterinsights_sitenote_category":0,"footnotes":""},"categories":[1],"tags":[26,25,56,39],"class_list":["post-7152","post","type-post","status-publish","format-standard","has-post-thumbnail","hentry","category-bez-kategorii","tag-badania","tag-cukrzyca","tag-dzieci","tag-torun"],"translation":{"provider":"WPGlobus","version":"3.0.0","language":"en","enabled_languages":["pl","en"],"languages":{"pl":{"title":true,"content":true,"excerpt":false},"en":{"title":false,"content":false,"excerpt":false}}},"acf":[],"_links":{"self":[{"href":"https:\/\/fundacjaneuca.pl\/en\/wp-json\/wp\/v2\/posts\/7152","targetHints":{"allow":["GET"]}}],"collection":[{"href":"https:\/\/fundacjaneuca.pl\/en\/wp-json\/wp\/v2\/posts"}],"about":[{"href":"https:\/\/fundacjaneuca.pl\/en\/wp-json\/wp\/v2\/types\/post"}],"author":[{"embeddable":true,"href":"https:\/\/fundacjaneuca.pl\/en\/wp-json\/wp\/v2\/users\/5"}],"replies":[{"embeddable":true,"href":"https:\/\/fundacjaneuca.pl\/en\/wp-json\/wp\/v2\/comments?post=7152"}],"version-history":[{"count":10,"href":"https:\/\/fundacjaneuca.pl\/en\/wp-json\/wp\/v2\/posts\/7152\/revisions"}],"predecessor-version":[{"id":8017,"href":"https:\/\/fundacjaneuca.pl\/en\/wp-json\/wp\/v2\/posts\/7152\/revisions\/8017"}],"wp:featuredmedia":[{"embeddable":true,"href":"https:\/\/fundacjaneuca.pl\/en\/wp-json\/wp\/v2\/media\/7153"}],"wp:attachment":[{"href":"https:\/\/fundacjaneuca.pl\/en\/wp-json\/wp\/v2\/media?parent=7152"}],"wp:term":[{"taxonomy":"category","embeddable":true,"href":"https:\/\/fundacjaneuca.pl\/en\/wp-json\/wp\/v2\/categories?post=7152"},{"taxonomy":"post_tag","embeddable":true,"href":"https:\/\/fundacjaneuca.pl\/en\/wp-json\/wp\/v2\/tags?post=7152"}],"curies":[{"name":"wp","href":"https:\/\/api.w.org\/{rel}","templated":true}]}}